{"id":5950,"date":"2026-04-04T06:17:12","date_gmt":"2026-04-04T06:17:12","guid":{"rendered":"https:\/\/haidegabriele.ro\/2026\/04\/04\/de-la-ultima-thule-la-companie-in-viata\/"},"modified":"2026-04-06T08:36:53","modified_gmt":"2026-04-06T08:36:53","slug":"de-la-ultima-thule-la-companie-in-viata","status":"publish","type":"post","link":"https:\/\/haidegabriele.ro\/ro\/2026\/04\/04\/de-la-ultima-thule-la-companie-in-viata\/","title":{"rendered":"De la \u201eUltima Thule\u201d la \u201eCompanie \u00een via\u021b\u0103\u201d"},"content":{"rendered":"\n<section class=\"section-padding bg-white fade-in-up\">\n  <div class=\"maxw text-center\">\n    <p class=\"brand-paragraph intro\">\n      <strong>Note de naviga\u021bie ale unui tat\u0103 pentru cei care caut\u0103 o adev\u0103rat\u0103 companie \u00een via\u021b\u0103, aleg\u00e2nd s\u0103 nu se predea ghe\u021bii.<\/strong>\n    <\/p>\n\n    <figure class=\"wp-block-image size-full\" style=\"margin-top: 2rem;\">\n      <img decoding=\"async\" src=\"https:\/\/haidegabriele.ro\/wp-content\/uploads\/2026\/04\/fiordi_mare_ghiaccio.webp\" alt=\"Prora unei nave \u00eendrept\u00e2ndu-se spre ghea\u021b\u0103\" title=\"C\u0103l\u0103toria spre Ultima Thule\" width=\"1920\" height=\"1080\" loading=\"eager\" fetchpriority=\"high\"\/>\n      <figcaption>\n        Dincolo de fiord nu este ghea\u021b\u0103, ci via\u021b\u0103: ruta noastr\u0103.\n      <\/figcaption>\n    <\/figure>\n  <\/div>\n<\/section>\n\n<section class=\"bg-brand-accent toc-section\">\n  <div class=\"maxw\">\n    <div class=\"toc-collapsible\">\n      <div class=\"toc-header\">\n        <span>Cuprinsul reflec\u021biei<\/span>\n        <span class=\"toc-arrow\">\u25be<\/span>\n      <\/div>\n      <div class=\"toc-content\">\n        <ul class=\"toc-list\">\n            <li><a href=\"#il-freddo-porto\">Portul rece din Ultima Thule<\/a><\/li>\n            <li><a href=\"#lo-spartiacque\">Punctul de cotitur\u0103: o Companie \u00een via\u021b\u0103<\/a><\/li>\n            <li><a href=\"#plasmare-la-realta\">Modelarea realit\u0103\u021bii: de la \u201eGyer\u00fcnk\u201d la antreprenoriat<\/a><\/li>\n            <li><a href=\"#la-rotta\">Ruta noastr\u0103 dincolo de fiord<\/a><\/li>\n        <\/ul>\n      <\/div>\n    <\/div>\n  <\/div>\n<\/section>\n\n<section id=\"il-freddo-porto\" class=\"section-padding bg-light fade-in-up\">\n  <div class=\"maxw\">\n    <div id=\"ez-toc-container\" class=\"ez-toc-v2_0_82_2 counter-hierarchy ez-toc-counter ez-toc-grey ez-toc-container-direction\">\n<div class=\"ez-toc-title-container\">\n<p class=\"ez-toc-title\" style=\"cursor:inherit\">Table of Contents<\/p>\n<span class=\"ez-toc-title-toggle\"><a href=\"#\" class=\"ez-toc-pull-right ez-toc-btn ez-toc-btn-xs ez-toc-btn-default ez-toc-toggle\" aria-label=\"Toggle Table of Content\"><span class=\"ez-toc-js-icon-con\"><span class=\"\"><span class=\"eztoc-hide\" style=\"display:none;\">Toggle<\/span><span class=\"ez-toc-icon-toggle-span\"><svg style=\"fill: #999;color:#999\" xmlns=\"http:\/\/www.w3.org\/2000\/svg\" class=\"list-377408\" width=\"20px\" height=\"20px\" viewBox=\"0 0 24 24\" fill=\"none\"><path d=\"M6 6H4v2h2V6zm14 0H8v2h12V6zM4 11h2v2H4v-2zm16 0H8v2h12v-2zM4 16h2v2H4v-2zm16 0H8v2h12v-2z\" fill=\"currentColor\"><\/path><\/svg><svg style=\"fill: #999;color:#999\" class=\"arrow-unsorted-368013\" xmlns=\"http:\/\/www.w3.org\/2000\/svg\" width=\"10px\" height=\"10px\" viewBox=\"0 0 24 24\" version=\"1.2\" baseProfile=\"tiny\"><path d=\"M18.2 9.3l-6.2-6.3-6.2 6.3c-.2.2-.3.4-.3.7s.1.5.3.7c.2.2.4.3.7.3h11c.3 0 .5-.1.7-.3.2-.2.3-.5.3-.7s-.1-.5-.3-.7zM5.8 14.7l6.2 6.3 6.2-6.3c.2-.2.3-.5.3-.7s-.1-.5-.3-.7c-.2-.2-.4-.3-.7-.3h-11c-.3 0-.5.1-.7.3-.2.2-.3.5-.3.7s.1.5.3.7z\"\/><\/svg><\/span><\/span><\/span><\/a><\/span><\/div>\n<nav><ul class='ez-toc-list ez-toc-list-level-1 ' ><li class='ez-toc-page-1 ez-toc-heading-level-2'><a class=\"ez-toc-link ez-toc-heading-1\" href=\"https:\/\/haidegabriele.ro\/ro\/2026\/04\/04\/de-la-ultima-thule-la-companie-in-viata\/#Portul_rece_din_Ultima_Thule\" >Portul rece din Ultima Thule<\/a><\/li><li class='ez-toc-page-1 ez-toc-heading-level-2'><a class=\"ez-toc-link ez-toc-heading-2\" href=\"https:\/\/haidegabriele.ro\/ro\/2026\/04\/04\/de-la-ultima-thule-la-companie-in-viata\/#Punctul_de_cotitura_o_Companie_in_viata\" >Punctul de cotitur\u0103: o Companie \u00een via\u021b\u0103<\/a><\/li><li class='ez-toc-page-1 ez-toc-heading-level-2'><a class=\"ez-toc-link ez-toc-heading-3\" href=\"https:\/\/haidegabriele.ro\/ro\/2026\/04\/04\/de-la-ultima-thule-la-companie-in-viata\/#Modelarea_realitatii_de_la_%E2%80%9EGyerunk%E2%80%9D_la_antreprenoriat\" >Modelarea realit\u0103\u021bii: de la \u201eGyer\u00fcnk\u201d la antreprenoriat<\/a><\/li><li class='ez-toc-page-1 ez-toc-heading-level-2'><a class=\"ez-toc-link ez-toc-heading-4\" href=\"https:\/\/haidegabriele.ro\/ro\/2026\/04\/04\/de-la-ultima-thule-la-companie-in-viata\/#Ruta_noastra_dincolo_de_fiord\" >Ruta noastr\u0103 dincolo de fiord<\/a><ul class='ez-toc-list-level-3' ><li class='ez-toc-heading-level-3'><a class=\"ez-toc-link ez-toc-heading-5\" href=\"https:\/\/haidegabriele.ro\/ro\/2026\/04\/04\/de-la-ultima-thule-la-companie-in-viata\/#Gyerunk_Mergem_inainte\" >Gyer\u00fcnk. Mergem \u00eenainte.<\/a><\/li><\/ul><\/li><li class='ez-toc-page-1 ez-toc-heading-level-2'><a class=\"ez-toc-link ez-toc-heading-6\" href=\"https:\/\/haidegabriele.ro\/ro\/2026\/04\/04\/de-la-ultima-thule-la-companie-in-viata\/#Construim_impreuna\" >Construim \u00eempreun\u0103<\/a><ul class='ez-toc-list-level-3' ><li class='ez-toc-heading-level-3'><a class=\"ez-toc-link ez-toc-heading-7\" href=\"https:\/\/haidegabriele.ro\/ro\/2026\/04\/04\/de-la-ultima-thule-la-companie-in-viata\/#Social_Farm_SALVIE\" >Social Farm S.\u0102.L.V.I.E<\/a><\/li><li class='ez-toc-page-1 ez-toc-heading-level-3'><a class=\"ez-toc-link ez-toc-heading-8\" href=\"https:\/\/haidegabriele.ro\/ro\/2026\/04\/04\/de-la-ultima-thule-la-companie-in-viata\/#Servicii_LTC\" >Servicii LTC<\/a><\/li><li class='ez-toc-page-1 ez-toc-heading-level-3'><a class=\"ez-toc-link ez-toc-heading-9\" href=\"https:\/\/haidegabriele.ro\/ro\/2026\/04\/04\/de-la-ultima-thule-la-companie-in-viata\/#Contacteaza-ne\" >Contacteaz\u0103-ne<\/a><\/li><\/ul><\/li><\/ul><\/nav><\/div>\n<h2 class=\"section-title\"><span class=\"ez-toc-section\" id=\"Portul_rece_din_Ultima_Thule\"><\/span>Portul rece din Ultima Thule<span class=\"ez-toc-section-end\"><\/span><\/h2>\n    \n    <div class=\"card hover-effect bg-white\" style=\"padding: 2rem; margin-bottom: 2rem; border-left: 4px solid var(--brand-color, #5a1e5c);\">\n      <p style=\"font-style: italic; margin: 0; font-size: 1.1rem;\">\n        \u201eEu care am dublat de trei ori Capul Horn \/ \u0219i am navigat de \u0219apte ori cele \u0219apte m\u0103ri&#8230;\u201d\n      <\/p>\n    <\/div>\n\n    <p class=\"brand-paragraph\">\n      Nu neg c\u0103 am pl\u00e2ns, \u0219i nu doar o dat\u0103, ascult\u00e2ndu-l pe Francesco Guccini c\u00e2nt\u00e2nd <a href=\"https:\/\/it.wikipedia.org\/wiki\/L%27ultima_Thule_(album)\" target=\"_blank\" rel=\"noopener\"><em>Ultima Thule<\/em><\/a>. Exist\u0103 un adev\u0103r dezarmant \u00een acel b\u0103tr\u00e2n marinar care, cu velele l\u0103sate \u0219i echipajul pierdut, prive\u0219te \u00een fa\u021b\u0103 sf\u00e2r\u0219itul c\u0103l\u0103toriei sale. Guccini c\u00e2nt\u0103 despre acostarea \u00eentr-un regat de ghea\u021b\u0103 ve\u0219nic\u0103, un \u201eport rece\u201d unde orice pasiune se stinge \u0219i p\u00e2n\u0103 \u0219i amintirea dispare.\n    <\/p>\n\n    <p class=\"brand-paragraph\">\n      La 55 de ani, privind \u00een urm\u0103, \u00eel \u00een\u021beleg pe acel marinar. Via\u021ba nu m-a scutit de furtuni. Moartea fratelui meu, pierdut c\u00e2nd aveam doar 18 ani; dispari\u021bia fiului meu Amedeo, care a zburat la cer c\u00e2nd era \u00eenc\u0103 o fiin\u021b\u0103 foarte mic\u0103; sf\u00e2r\u0219itul unei c\u0103snicii; dizabilitatea brusc\u0103 a celuilalt fiu al meu, Gabriele, care la 23 de ani s-a trezit privind moartea \u00een fa\u021b\u0103 pe un pat de spital.\n    <\/p>\n\n    <p class=\"brand-paragraph\">\n      \u00cen mijlocul tuturor acestor lucruri, efortul zilnic de a nu m\u0103 scufunda. Au fost zile \u00een care ghea\u021ba din Ultima Thule p\u0103rea singurul destin rezonabil. Zile \u00een care oboseala \u00ee\u021bi \u0219opte\u0219te c\u0103 te afli pe un vas mort, f\u0103r\u0103 scop.\n    <\/p>\n  <\/div>\n<\/section>\n\n<section id=\"lo-spartiacque\" class=\"section-padding bg-white fade-in-up\">\n  <div class=\"maxw\">\n    <h2 class=\"section-title\"><span class=\"ez-toc-section\" id=\"Punctul_de_cotitura_o_Companie_in_viata\"><\/span>Punctul de cotitur\u0103: o Companie \u00een via\u021b\u0103<span class=\"ez-toc-section-end\"><\/span><\/h2>\n    \n    <p class=\"brand-paragraph\">\n      Cu toate acestea, eu nu am crezut niciodat\u0103 \u00een acel port de ghea\u021b\u0103. Nu dintr-un optimism naiv, ci pentru c\u0103 via\u021ba m-a pus \u00een fa\u021ba unei realit\u0103\u021bi diferite.\n    <\/p>\n\n    <p class=\"brand-paragraph\">\n      Anul acesta, un manifest de Pa\u0219te al mi\u0219c\u0103rii <a href=\"https:\/\/it.clonline.org\/\" target=\"_blank\" rel=\"noopener\">Comunione e Liberazione<\/a> cita aceste cuvinte: <em>\u00abCompanie \u00een via\u021b\u0103\u00bb<\/em>. Este o fraz\u0103 care m-a fulgerat: <strong>\u201e\u00cenvierea nu sustrage via\u021ba timpului \u0219i efortului, ci \u00eei schimb\u0103 sensul \u0219i savoarea\u201d<\/strong>.\n    <\/p>\n\n    <p class=\"brand-paragraph\">\n      Acesta este punctul de cotitur\u0103. Durerea \u0219i efortul r\u0103m\u00e2n, dar nu e\u0219ti singur c\u00e2nd le \u00eenfrun\u021bi. Dac\u0103 nu ar fi fost prietenii din tinere\u021be, nu a\u0219 fi supravie\u021buit \u00eentunericului de la dou\u0103zeci de ani. Ast\u0103zi, aceast\u0103 aceea\u0219i Prezen\u021b\u0103 are tr\u0103s\u0103turile stabile \u0219i pacificatoare ale partenerei mele Monika, sau chipul \u00eenc\u0103p\u0103\u021b\u00e2nat al fiului meu Gabriele. Am \u00eenv\u0103\u021bat c\u0103 cel\u0103lalt te aduce \u00eenapoi la realitate atunci c\u00e2nd g\u00e2ndurile tale devin prea \u00eentunecate, amortizeaz\u0103 loviturile \u0219i \u00ee\u021bi aminte\u0219te c\u0103 nu navighezi \u00een gol.\n    <\/p>\n  <\/div>\n<\/section>\n\n<section id=\"plasmare-la-realta\" class=\"section-padding bg-light fade-in-up\">\n  <div class=\"maxw\">\n    <h2 class=\"section-title\"><span class=\"ez-toc-section\" id=\"Modelarea_realitatii_de_la_%E2%80%9EGyerunk%E2%80%9D_la_antreprenoriat\"><\/span>Modelarea realit\u0103\u021bii: de la \u201eGyer\u00fcnk\u201d la antreprenoriat<span class=\"ez-toc-section-end\"><\/span><\/h2>\n    \n    <p class=\"brand-paragraph\">\n      Aceast\u0103 companie nu este o teorie frumoas\u0103, consolatoare. Se \u00eentruchipeaz\u0103 \u00eentr-o fizicitate absolut\u0103, \u00ee\u0219i murd\u0103re\u0219te m\u00e2inile \u00een \u0219antierele de zi cu zi.\n    <\/p>\n\n    <p class=\"brand-paragraph\">\n      Lui Gabriele, c\u00e2nd disperarea din spital \u00eel f\u0103cea s\u0103-\u0219i doreasc\u0103 sf\u00e2r\u0219itul, nu i-am \u021binut niciodat\u0103 predici. M-am limitat s\u0103-i spun: <strong><em>\u201eHaide. Gyer\u00fcnk. Mergem \u00eenainte\u201d<\/em><\/strong>. Pentru c\u0103 via\u021ba trebuie modelat\u0103 zi de zi, chiar \u0219i atunci c\u00e2nd devine grea. Iar el s-a ridicat din nou pe picioare.\n    <\/p>\n\n    <p class=\"brand-paragraph\">\n      \u00cempreun\u0103 am \u00eenceput s\u0103 construim. Nu ne-am limitat la a \u201esupravie\u021bui\u201d, ci am dat picioare unor intui\u021bii concrete, fond\u00e2nd <strong>Asocia\u021bia Haide Gabriele<\/strong> \u0219i <strong>Haide Gabriele Holding<\/strong>. \u00cen cadrul acestor realit\u0103\u021bi, lucr\u0103m pentru incluziunea la 360 de grade, d\u0103r\u00e2m\u00e2nd bariera care separ\u0103 angajamentul social de antreprenoriat:\n    <\/p>\n\n    <div class=\"custom-columns\" style=\"margin-top: 2rem;\">\n      <div class=\"custom-col\">\n        <ul>\n          <li><span class=\"icon-circle\"><i class=\"fa-solid fa-wheelchair\"><\/i><\/span><p><strong>Mobilitate accesibil\u0103:<\/strong> Red\u0103m libertatea de ac\u021biune \u0219i de mi\u0219care celor care au pierdut-o.<\/p><\/li>\n        <\/ul>\n      <\/div>\n      <div class=\"custom-col\">\n        <ul>\n          <li><span class=\"icon-circle\"><i class=\"fa-solid fa-database\"><\/i><\/span><p><strong>Date \u0219i s\u0103n\u0103tate:<\/strong> \u00cembin\u0103m managementul agricol cu producerea de tratamente pentru om.<\/p><\/li>\n        <\/ul>\n      <\/div>\n      <div class=\"custom-col\">\n        <ul>\n          <li><span class=\"icon-circle\"><i class=\"fa-solid fa-house-chimney\"><\/i><\/span><p><strong>Autonomie real\u0103:<\/strong> Construim spa\u021bii concrete \u0219i parcursuri de via\u021b\u0103 independent\u0103.<\/p><\/li>\n        <\/ul>\n      <\/div>\n    <\/div>\n\n  <\/div>\n<\/section>\n\n<section id=\"la-rotta\" class=\"section-padding bg-white fade-in-up\">\n  <div class=\"maxw text-center\">\n    <h2 class=\"section-title\"><span class=\"ez-toc-section\" id=\"Ruta_noastra_dincolo_de_fiord\"><\/span>Ruta noastr\u0103 dincolo de fiord<span class=\"ez-toc-section-end\"><\/span><\/h2>\n    \n    <p class=\"brand-paragraph\">\n      Ce leg\u0103tur\u0103 au toate acestea cu credin\u021ba sau cu Ultima Thule? Au o leg\u0103tur\u0103 total\u0103.\n    <\/p>\n\n    <p class=\"brand-paragraph\">\n      Construirea unui mijloc de mobilitate sau organizarea metodic\u0103 a muncii unei asocia\u021bii nu sunt ac\u021biuni goale: sunt c\u0103r\u0103mizile cu care preg\u0103tim o cas\u0103 adev\u0103rat\u0103 pentru Gabriele \u0219i pentru persoanele pe care le vom \u00eent\u00e2lni. Este modul nostru de a nu fragmenta omul \u00een sectoare de specialitate, ci de a-l \u00eembr\u0103\u021bi\u0219a \u00een totalitatea sa.\n    <\/p>\n\n    <p class=\"brand-paragraph\">\n      Inima mea uneori este \u00eenc\u0103 melancolic\u0103, dar nu este de piatr\u0103. Via\u021ba cere curajul de a fi \u00eenfruntat\u0103 cu o senin\u0103tate care te surprinde.\n    <\/p>\n\n    <p class=\"brand-paragraph\">\n      Marinarul lui Guccini \u00ee\u0219i \u00eendrepta prora spre infinit a\u0219tept\u00e2ndu-se la gol \u0219i la frig. Noi o \u00eendrept\u0103m \u0219tiind c\u0103 efortul nostru nu va fi pierdut \u0219i c\u0103 ceea ce ne a\u0219teapt\u0103, dincolo de fiord, nu este ghea\u021ba, ci via\u021ba adev\u0103rat\u0103.\n    <\/p>\n\n    <h3 style=\"margin-top: 3rem; font-style: italic; font-size: 2rem; color: #5a1e5c;\"><span class=\"ez-toc-section\" id=\"Gyerunk_Mergem_inainte\"><\/span>\n      Gyer\u00fcnk. Mergem \u00eenainte.\n    <span class=\"ez-toc-section-end\"><\/span><\/h3>\n  <\/div>\n<\/section>\n\n<section id=\"collegamenti-utili\" class=\"section-padding bg-brand-accent fade-in-up\">\n  <div class=\"maxw\">\n    <h2 class=\"section-title text-center\"><span class=\"ez-toc-section\" id=\"Construim_impreuna\"><\/span>Construim \u00eempreun\u0103<span class=\"ez-toc-section-end\"><\/span><\/h2>\n    <p class=\"brand-paragraph text-center\" style=\"margin-bottom: 3rem;\">\n      Dac\u0103 vrei s\u0103 descoperi cum traducem aceast\u0103 viziune \u00een ac\u021biuni zilnice, exploreaz\u0103 proiectele noastre sau scrie-ne pentru a face o bucat\u0103 de drum \u00eempreun\u0103.\n    <\/p>\n\n    <div class=\"services-grid\">\n      <div class=\"service-card lift-on-hover card bg-white text-center\" style=\"padding: 2rem;\">\n        <i class=\"fa-solid fa-seedling\" style=\"font-size: 3rem; color: #5a1e5c; margin-bottom: 1rem;\"><\/i>\n        <h3 class=\"service-title\"><span class=\"ez-toc-section\" id=\"Social_Farm_SALVIE\"><\/span><a href=\"\/salvie-social-farm\">Social Farm S.\u0102.L.V.I.E<\/a><span class=\"ez-toc-section-end\"><\/span><\/h3>\n        <p class=\"brand-paragraph\" style=\"font-size: 0.9rem;\">Cultiv\u0103m incluziunea \u0219i \u00eengrijirea prin intermediul naturii.<\/p>\n      <\/div>\n\n      <div class=\"service-card lift-on-hover card bg-white text-center\" style=\"padding: 2rem;\">\n        <i class=\"fa-solid fa-hands-holding-heart\" style=\"font-size: 3rem; color: #5a1e5c; margin-bottom: 1rem;\"><\/i>\n        <h3 class=\"service-title\"><span class=\"ez-toc-section\" id=\"Servicii_LTC\"><\/span><a href=\"\/ibolya-ltc\">Servicii LTC<\/a><span class=\"ez-toc-section-end\"><\/span><\/h3>\n        <p class=\"brand-paragraph\" style=\"font-size: 0.9rem;\">Asisten\u021ba noastr\u0103 socio-sanitar\u0103 personalizat\u0103.<\/p>\n      <\/div>\n\n      <div class=\"service-card lift-on-hover card bg-white text-center\" style=\"padding: 2rem;\">\n        <i class=\"fa-solid fa-envelope\" style=\"font-size: 3rem; color: #5a1e5c; margin-bottom: 1rem;\"><\/i>\n        <h3 class=\"service-title\"><span class=\"ez-toc-section\" id=\"Contacteaza-ne\"><\/span><a href=\"\/contatti\/\">Contacteaz\u0103-ne<\/a><span class=\"ez-toc-section-end\"><\/span><\/h3>\n        <p class=\"brand-paragraph\" style=\"font-size: 0.9rem;\">Scrie-ne pentru a colabora sau pentru a sus\u021bine proiectele noastre.<\/p>\n      <\/div>\n    <\/div>\n  <\/div>\n<\/section>\n","protected":false},"excerpt":{"rendered":"<p>Note de naviga\u021bie ale unui tat\u0103 pentru cei care caut\u0103 o adev\u0103rat\u0103 companie \u00een via\u021b\u0103, aleg\u00e2nd s\u0103 nu se predea ghe\u021bii. Dincolo de fiord nu este ghea\u021b\u0103, ci via\u021b\u0103: ruta noastr\u0103. Cuprinsul reflec\u021biei \u25be Portul rece din Ultima Thule Punctul de cotitur\u0103: o Companie \u00een via\u021b\u0103 Modelarea realit\u0103\u021bii: de la \u201eGyer\u00fcnk\u201d la antreprenoriat Ruta noastr\u0103 [&hellip;]<\/p>\n","protected":false},"author":2,"featured_media":0,"comment_status":"open","ping_status":"closed","sticky":false,"template":"","format":"standard","meta":{"pagelayer_contact_templates":[],"_pagelayer_content":"","footnotes":""},"categories":[92,91],"tags":[],"class_list":["post-5950","post","type-post","status-publish","format-standard","hentry","category-povestea-noastra","category-senza-categoria"],"_links":{"self":[{"href":"https:\/\/haidegabriele.ro\/ro\/wp-json\/wp\/v2\/posts\/5950","targetHints":{"allow":["GET"]}}],"collection":[{"href":"https:\/\/haidegabriele.ro\/ro\/wp-json\/wp\/v2\/posts"}],"about":[{"href":"https:\/\/haidegabriele.ro\/ro\/wp-json\/wp\/v2\/types\/post"}],"author":[{"embeddable":true,"href":"https:\/\/haidegabriele.ro\/ro\/wp-json\/wp\/v2\/users\/2"}],"replies":[{"embeddable":true,"href":"https:\/\/haidegabriele.ro\/ro\/wp-json\/wp\/v2\/comments?post=5950"}],"version-history":[{"count":2,"href":"https:\/\/haidegabriele.ro\/ro\/wp-json\/wp\/v2\/posts\/5950\/revisions"}],"predecessor-version":[{"id":5953,"href":"https:\/\/haidegabriele.ro\/ro\/wp-json\/wp\/v2\/posts\/5950\/revisions\/5953"}],"wp:attachment":[{"href":"https:\/\/haidegabriele.ro\/ro\/wp-json\/wp\/v2\/media?parent=5950"}],"wp:term":[{"taxonomy":"category","embeddable":true,"href":"https:\/\/haidegabriele.ro\/ro\/wp-json\/wp\/v2\/categories?post=5950"},{"taxonomy":"post_tag","embeddable":true,"href":"https:\/\/haidegabriele.ro\/ro\/wp-json\/wp\/v2\/tags?post=5950"}],"curies":[{"name":"wp","href":"https:\/\/api.w.org\/{rel}","templated":true}]}}